{"id":89,"date":"2017-09-11T20:26:12","date_gmt":"2017-09-11T17:26:12","guid":{"rendered":"http:\/\/www.galpoianavladicai.ro\/?p=89"},"modified":"2017-09-12T20:29:09","modified_gmt":"2017-09-12T17:29:09","slug":"strategie-2014-2020","status":"publish","type":"post","link":"https:\/\/www.galpoianavladicai.ro\/index.php\/2017\/09\/11\/strategie-2014-2020\/","title":{"rendered":"Strategie 2014-2020"},"content":{"rendered":"<p>Strategia de dezvoltare local\u0103 a Asocia\u021biei Grupul de Ac\u021biune\u00a0 POIANA VL\u0102DIC\u0102I\u00a0 vine \u00een completarea altor programe europene sau na\u021bionale, iar abordarea sa urm\u0103re\u0219te sa ofere comunit\u0103\u021bilor rurale o metoda de implicare a partenerilor locali \u00een orientarea dezvolt\u0103rii viitoare a zonei lor.<\/p>\n<p>Prin\u00a0 Strategia de dezvoltare local\u0103 POIANA VL\u0102DIC\u0102I se vor sus\u021bine sectoare \u0219i categorii de beneficiari care, de multe ori, nu sunt sprijinite deloc sau primesc doar un sprijin limitat prin alte programe care func\u021bioneaz\u0103 \u00een zonele rurale, precum \u0219i activit\u0103\u021bile culturale, punerea \u00een valoare a mediului natural, dezvoltarea sectorului agricol, turismul rural, crearea de noi locuri de munc\u0103 etc.<\/p>\n<p>Conceptul fundamental din spatele abord\u0103rii acestei strategii este ca, aceast\u0103 strategie de dezvoltare\u00a0 local\u0103 este\u00a0 mai productiv\u0103 \u0219i mai eficient\u0103, av\u00e2nd \u00een vedere faptul c\u0103 este implementat\u0103\u00a0 la nivel local, de c\u0103tre actorii locali care utilizeaz\u0103 proceduri clare \u0219i transparente. De asemenea prezenta strategie beneficiaz\u0103 de\u00a0 sus\u021binerea administra\u021biilor publice corespunz\u0103toare.<\/p>\n<p>Programele de dezvoltare care au fost avute \u00een vedere la realizarea strategiei sunt at\u00e2t jude\u021bene, c\u00e2t \u0219i na\u021bionale \u0219i europene. \u00cen tabelul de mai jos sunt prezentate cele mai importante programe de dezvoltare \u0219i modalitatea prin care se asigur\u0103 complementaritatea cu acestea.<\/p>\n<table>\n<tbody>\n<tr>\n<td width=\"126\"><strong>Program\/Strategie\/Proiect<\/strong><\/td>\n<td width=\"498\"><strong>Mod de rela\u021bionare<\/strong><\/td>\n<\/tr>\n<tr>\n<td width=\"126\"><strong>Planul Na\u021bional de Dezvoltare Rural\u0103 (PNDR) 2014-2020<\/strong><\/td>\n<td width=\"498\">Programul Na\u021bional De Dezvoltare Rural\u0103 cuprinde un program de m\u0103suri ce vizeaz\u0103 dezvoltarea durabil\u0103 a spa\u021biului rural \u0219i finan\u021beaz\u0103 investi\u021bii prev\u0103zute pentru dezvoltarea poten\u021bialului turistic al zonelor rurale \u0219i a infrastructurii necesare. Strategia de dezvoltare local\u0103 Poiana Vl\u0103dic\u0103i cuprinde unele\u00a0 m\u0103suri care sprijin\u0103 dezvoltarea unor servicii\/produse\/tehnologii noi, a unor metode noi de organizare, inclusiv \u00een ceea ce prive\u0219te sfera social\u0103 etc. M\u0103surile vizeaz\u0103 nevoile identificate la nivel local (analiza diagnostic \u0219i analiza SWOT).<\/p>\n<p>\u00cen SDL se reg\u0103sesc \u0219i ac\u021biuni care sunt eligibile prin m\u0103suri din PNDR 2014-2020. \u00cen acest caz, GAL-ul demonstreaz\u0103 necesitatea, oportunitatea \u0219i caracterul local\/teritorial al interven\u021biei (corelat cu analiza diagnostic), reflectat prin stabilirea unor criterii de eligibilitate \u0219i de selec\u021bie pentru m\u0103surile respective, specifice teritoriului.<\/td>\n<\/tr>\n<tr>\n<td width=\"126\"><strong>Planul de Dezvoltare Regional\u0103 Nord Est pentru perioada 2014-2020<\/strong><\/td>\n<td width=\"498\">Obiectivul general al PDR Nord-Est \u00eel reprezint\u0103 dezvoltarea \u00een regiune Nord Est a unui proces de cre\u0219tere economic\u0103 durabil\u0103, favorabil cre\u0219terii competitivit\u0103\u021bii economice \u0219i incluziunii sociale , care s\u0103 conduc\u0103 la o diminuare a decalajelor existente fa\u021b\u0103 de celelalte regiuni ale Rom\u00e2niei.<\/p>\n<p>M\u0103surile propuse a se implementa \u00een cadrul SDL vizeaz\u0103 domenii de activitate eligibile \u00een cadrul PDR Nord Est, dar care au ca beneficiari agen\u021bi economici din mediul rural, PDR limit\u00e2ndu-se doar la cei din mediul urban.<\/td>\n<\/tr>\n<tr>\n<td width=\"126\"><strong>Strategia de Dezvoltare Socio-economic\u0103 a Jude\u021bului Ia\u0219i pentru perioada 2014-2020<\/strong><\/td>\n<td width=\"498\">Viziunea strategic\u0103 pentru dezvoltarea jude\u021bului Ia\u0219i \u00een perioada 2014-2020 presupune un angajament comun al actorilor de la nivelul jude\u021bului de a sprijini crearea unui mediu economic dinamic \u0219i performant, care s\u0103 reafirme Ia\u0219ul ca motor al dezvolt\u0103rii \u00een regiunea Moldovei, s\u0103 permit\u0103 regenerarea \u0219i revigorarea sustenabil\u0103 a comunit\u0103\u021bilor locale \u0219i s\u0103 le asigure o via\u021b\u0103 mai bun\u0103 locuitorilor. Strategia de Dezvoltare a Jude\u021bului Ia\u0219i are la baz\u0103, la fel ca \u0219i SDL-ul, strategiile de dezvoltare local\u0103 ale comunelor din jude\u021b, parte din acestea reg\u0103sindu-se \u0219i \u00een teritoriul GAL.<\/td>\n<\/tr>\n<tr>\n<td width=\"126\"><strong>Programului Opera\u021bional pentru Pescuit \u0219i Afaceri Maritime (POPAM)<\/strong><\/td>\n<td width=\"498\">Programului Opera\u021bional pentru Pescuit \u0219i Afaceri Maritime\u00a0 vizeaz\u0103 investi\u021bii pentru diversificarea activit\u0103\u021bilor de pescuit \u0219i acvacultur\u0103 c\u0103tre alte activit\u0103\u021bi (inclusiv turism) \u00een timp ce strategia de dezvoltare local\u0103 Poiana Vl\u0103dic\u0103i vizeaz\u0103 printre altele\u00a0 investi\u021bii private, \u00een domeniul non agricol, realizate de c\u0103tre micro\u00eentreprinderi \u0219i \u00eentreprinderi mici ce vizeaz\u0103 infrastructura agroturistic\u0103 de cazare, servicii de agrement \u0219i alimenta\u021bie public\u0103 \u00een spa\u021biul rural.<\/td>\n<\/tr>\n<tr>\n<td width=\"126\"><strong>Programul Opera\u021bional Capital Uman \u2013 POCU<a href=\"#_ftn1\" name=\"_ftnref1\">[1]<\/a><\/strong><\/td>\n<td width=\"498\">Aceasta strategie include activit\u0103\u021bi care privesc dezvoltarea resurselor umane si, prin urmare, ea se afla \u00een rela\u021bie de complementaritate cu POCU. Delimitarea dintre POCU \u0219i strategia de dezvoltare local\u0103 a GAL-ului are la baza tipul de interven\u021bii si nu demarcarea teritoriala. \u00cen ceea ce prive\u0219te educa\u021bia si formarea profesionala, POCU, va oferi, prin intermediul \u0219colilor si liceelor specializate, programe de formare ini\u021bial\u0103 \u00een agricultura, finalizate cu o atestare \u00een acest domeniu.<\/p>\n<p>Prin strategia de dezvoltare local\u0103 se vor finan\u021ba numai programe de formare de scurta durata (cursuri de baza si specializ\u0103ri) pentru perfec\u021bionarea cuno\u0219tin\u021belor lucr\u0103torilor din agricultura si silvicultura. Pentru absolven\u021bii acestor cursuri de formare se vor acorda atestate de participare. \u00cen ceea ce prive\u0219te promovarea incluziunii sociale, GAL-ul va sus\u021bine masuri de reabilitare si construire a infrastructurii de baza de mici dimensiuni si noi investi\u021bii \u00een infrastructura legata de serviciile sociale din zonele rurale.<\/td>\n<\/tr>\n<tr>\n<td width=\"126\"><strong>\u00a0Program Opera\u021bional Competitivitate (POC)<\/strong><\/td>\n<td width=\"498\">Program Opera\u021bional Competitivitate are \u00een vedere extinderea punctelor de acces public la informa\u021bii (ca centre de resurse pentru dezvoltarea de noi proiecte, centre de cunoa\u0219tere comunitar\u0103, \u00een comunit\u0103\u021bile vulnerabile selectate pentru sprijin prin POCU, POR \u0219i PNDR (DLRC \u0219i non-DLRC) \u0219i grupuri vulnerabile din comunit\u0103\u021bile mai dezvoltate (AP 2, PI 2c).<\/p>\n<p>SDL contribuie la \u00a0investi\u021bii \u00een infrastructura social\u0103 la scar\u0103 mic\u0103 (after- school, infrastructur\u0103 ante-pre\u0219colar\u0103) \u00een mediul rural.<\/p>\n<p>\u00cen cadrul SDL se pot finan\u021ba investi\u021bii \u00een infrastructura social\u0103 care vor fi complementare cu m\u0103surile de incluziune social\u0103 finan\u021bate prin POCU.<\/td>\n<\/tr>\n<tr>\n<td width=\"126\"><strong>Fondul Social European (FSE)<\/strong><\/td>\n<td width=\"498\">FSE este principalul instrument prin care Europa sus\u021bine crearea de locuri de munc\u0103, ajut\u0103 oamenii s\u0103 ob\u021bin\u0103 locuri de munc\u0103 mai bune \u0219i asigur\u0103 oportunit\u0103\u021bi profesionale mai echitabile pentru to\u021bi cet\u0103\u021benii UE. Prin m\u0103surile propuse, SDL contribuie la crearea de locuri de munc\u0103 \u00een teritoriul vizat, precum \u0219i men\u021binerea celor existente.<\/td>\n<\/tr>\n<tr>\n<td width=\"126\"><strong>Fondul European de Dezvoltare Regional\u0103 (FEDR)<a href=\"#_ftn2\" name=\"_ftnref2\">[2]<\/a><\/strong><\/td>\n<td width=\"498\">FEDR urm\u0103re\u0219te consolidarea coeziunii economice \u0219i sociale \u00een cadrul Uniunii Europene prin corectarea dezechilibrelor existente \u00eentre regiunile acesteia. FEDR \u00ee\u015fi concentreaz\u0103 investi\u021biile asupra mai multor domenii prioritare cheie: Inovare \u0219i cercetare; Agenda digital\u0103; Sprijin pentru \u00eentreprinderile mici \u0219i mijlocii (IMM-uri); Economie cu emisii reduse de carbon.<\/p>\n<p>La fel ca \u015fi \u00een cazul FEDR, beneficiarii eligibili ai m\u0103surilor propuse prin SDL sunt \u0219i IMM-uri, cele dou\u0103 ac\u021bion\u00e2nd complementar pentru sprijinirea \u00eentreprinderilor mici \u0219i mijlocii.<\/td>\n<\/tr>\n<tr>\n<td width=\"126\"><strong>Fondul de Coeziune (FC)<a href=\"#_ftn3\" name=\"_ftnref3\">[3]<\/a><\/strong><\/td>\n<td width=\"498\">Fondul de coeziune poate sprijini proiecte legate de energie \u0219i de transport, at\u00e2t timp c\u00e2t acestea aduc beneficii vizibile mediului \u00eenconjur\u0103tor \u00een ceea ce prive\u0219te eficien\u021ba energetic\u0103, utilizarea surselor de energie regenerabil\u0103, dezvoltarea transportului feroviar, sus\u021binerea intermodalit\u0103\u021bii, consolidarea transportului public etc.<\/td>\n<\/tr>\n<tr>\n<td width=\"126\"><strong>Programul Opera\u021bional Regional (POR)<a href=\"#_ftn4\" name=\"_ftnref4\">[4]<\/a><\/strong><\/td>\n<td width=\"498\">Prin intermediul finan\u021b\u0103rii acordate \u00een cadrul POR, autorit\u0103\u021bile jude\u021bene \u0219i locale vor \u00eencerca reabilitarea \u0219i modernizarea re\u021belei de drumuri jude\u021bene, acest lucru venind \u00een sprijinul cre\u0219terii gradului de accesibilizare a teritoriului. Dezvoltarea teritoriului prin intermediul Strategiei de Dezvoltare Local\u0103 finan\u021bat prin LEADER \u0219i promovarea acestuia \u00een cadrul jude\u021bului, va reprezenta un motiv pentru ca autorit\u0103\u021bile s\u0103 considere o prioritate accesibilizarea teritoriului GAL \u0219i dezvoltarea re\u021belei de drumuri jude\u021bene.<\/p>\n<p>Proiectele finan\u021bate prin intermediul POR reprezent\u0103 proiecte pentru dezvoltarea mediului de afaceri prin investi\u021bii de valori mari, care contribuie la dezvoltarea economic\u0103 a teritoriului. Prin cre\u0219terea gradului de atractivitate a teritoriului, GAL-ul urm\u0103re\u0219te atragerea de investitori care s\u0103 realizeze astfel de investi\u021bii, iar proiectele de mici dimensiuni pentru dezvoltarea de IMM, finan\u021bate \u00een cadrul strategiei, vin \u00een completarea celor realizate prin POR \u0219i contribuie \u00eempreun\u0103 la dezvoltarea mediului de afaceri, crearea de noi locuri de munc\u0103 \u0219i cre\u0219terea nivelului de trai.<\/td>\n<\/tr>\n<\/tbody>\n<\/table>\n<pre><a href=\"#_ftnref1\" name=\"_ftn1\">[1]<\/a> <strong>AP 6 Educa\u021bie \u0219i competen\u021be; AP 3 Locuri de munc\u0103 pentru to\u021bi;<\/strong>\r\n\r\n<a href=\"#_ftnref2\" name=\"_ftn2\">[2]<\/a> <strong>AP 9 Sprijinirea regener\u0103rii economice \u0219i sociale a comunit\u0103\u021bilor defavorizate din mediul urban;<\/strong>\r\n\r\n<a href=\"#_ftnref3\" name=\"_ftn3\">[3]<\/a> <strong>AP 3 Dezvoltarea infrastructurii de mediu \u00een condi\u021bii de management eficient al resurselor<\/strong>\r\n\r\n<a href=\"#_ftnref4\" name=\"_ftn4\">[4]<\/a> <strong>AP 2 \u00cembun\u0103t\u0103\u021birea competitivit\u0103\u021bii \u00eentreprinderilor mici \u015fi Mijlocii; AP 4: Sprijinirea dezvolt\u0103rii \r\nurbane durabile;\u00a0 AP 5 Conservarea, protec\u021bia \u0219i valorificarea durabil\u0103 a patrimoniului cultural; \r\nAP 7 Diversificarea economiilor locale prin dezvoltarea durabil\u0103 a turismului; AP 8 Dezvoltarea \r\ninfrastructurii sanitare \u0219i sociale; \u00a0AP 10 \u00cembun\u0103t\u0103\u021birea infrastructurii educa\u021bionale; <\/strong><\/pre>\n","protected":false},"excerpt":{"rendered":"<p>Strategia de dezvoltare local\u0103 a Asocia\u021biei Grupul de Ac\u021biune\u00a0 POIANA VL\u0102DIC\u0102I\u00a0 vine \u00een completarea altor programe europene sau na\u021bionale, iar abordarea sa urm\u0103re\u0219te sa ofere comunit\u0103\u021bilor rurale o metoda de implicare a partenerilor locali \u00een orientarea dezvolt\u0103rii viitoare a zonei lor. Prin\u00a0 Strategia de dezvoltare local\u0103 POIANA VL\u0102DIC\u0102I se vor\u2026<\/p>\n<p> <a class=\"continue-reading-link\" href=\"https:\/\/www.galpoianavladicai.ro\/index.php\/2017\/09\/11\/strategie-2014-2020\/\"><span>Mai mult<\/span><i class=\"crycon-right-dir\"><\/i><\/a> <\/p>\n","protected":false},"author":1,"featured_media":0,"comment_status":"closed","ping_status":"open","sticky":false,"template":"","format":"standard","meta":{"footnotes":""},"categories":[5],"tags":[],"class_list":["post-89","post","type-post","status-publish","format-standard","hentry","category-strategie"],"yoast_head":"<!-- This site is optimized with the Yoast SEO plugin v27.5 - https:\/\/yoast.com\/product\/yoast-seo-wordpress\/ -->\n<title>Strategie 2014-2020 - Poiana Vladicai<\/title>\n<meta name=\"robots\" content=\"index, follow, max-snippet:-1, max-image-preview:large, max-video-preview:-1\" \/>\n<link rel=\"canonical\" href=\"https:\/\/www.galpoianavladicai.ro\/index.php\/2017\/09\/11\/strategie-2014-2020\/\" \/>\n<meta property=\"og:locale\" content=\"ro_RO\" \/>\n<meta property=\"og:type\" content=\"article\" \/>\n<meta property=\"og:title\" content=\"Strategie 2014-2020 - Poiana Vladicai\" \/>\n<meta property=\"og:description\" content=\"Strategia de dezvoltare local\u0103 a Asocia\u021biei Grupul de Ac\u021biune\u00a0 POIANA VL\u0102DIC\u0102I\u00a0 vine \u00een completarea altor programe europene sau na\u021bionale, iar abordarea sa urm\u0103re\u0219te sa ofere comunit\u0103\u021bilor rurale o metoda de implicare a partenerilor locali \u00een orientarea dezvolt\u0103rii viitoare a zonei lor. Prin\u00a0 Strategia de dezvoltare local\u0103 POIANA VL\u0102DIC\u0102I se vor\u2026 Mai mult\" \/>\n<meta property=\"og:url\" content=\"https:\/\/www.galpoianavladicai.ro\/index.php\/2017\/09\/11\/strategie-2014-2020\/\" \/>\n<meta property=\"og:site_name\" content=\"Poiana Vladicai\" \/>\n<meta property=\"article:publisher\" content=\"https:\/\/www.facebook.com\/gal.poianavladicai?fref=ts\" \/>\n<meta property=\"article:published_time\" content=\"2017-09-11T17:26:12+00:00\" \/>\n<meta property=\"article:modified_time\" content=\"2017-09-12T17:29:09+00:00\" \/>\n<meta name=\"author\" content=\"admin_gal\" \/>\n<meta name=\"twitter:card\" content=\"summary_large_image\" \/>\n<meta name=\"twitter:label1\" content=\"Scris de\" \/>\n\t<meta name=\"twitter:data1\" content=\"admin_gal\" \/>\n\t<meta name=\"twitter:label2\" content=\"Timp estimat pentru citire\" \/>\n\t<meta name=\"twitter:data2\" content=\"7 minute\" \/>\n<script type=\"application\/ld+json\" class=\"yoast-schema-graph\">{\"@context\":\"https:\\\/\\\/schema.org\",\"@graph\":[{\"@type\":\"Article\",\"@id\":\"https:\\\/\\\/www.galpoianavladicai.ro\\\/index.php\\\/2017\\\/09\\\/11\\\/strategie-2014-2020\\\/#article\",\"isPartOf\":{\"@id\":\"https:\\\/\\\/www.galpoianavladicai.ro\\\/index.php\\\/2017\\\/09\\\/11\\\/strategie-2014-2020\\\/\"},\"author\":{\"name\":\"admin_gal\",\"@id\":\"https:\\\/\\\/www.galpoianavladicai.ro\\\/#\\\/schema\\\/person\\\/1ea56b427dd432ef3f22038ecfe42abf\"},\"headline\":\"Strategie 2014-2020\",\"datePublished\":\"2017-09-11T17:26:12+00:00\",\"dateModified\":\"2017-09-12T17:29:09+00:00\",\"mainEntityOfPage\":{\"@id\":\"https:\\\/\\\/www.galpoianavladicai.ro\\\/index.php\\\/2017\\\/09\\\/11\\\/strategie-2014-2020\\\/\"},\"wordCount\":1300,\"publisher\":{\"@id\":\"https:\\\/\\\/www.galpoianavladicai.ro\\\/#organization\"},\"articleSection\":[\"Strategie\"],\"inLanguage\":\"ro-RO\"},{\"@type\":\"WebPage\",\"@id\":\"https:\\\/\\\/www.galpoianavladicai.ro\\\/index.php\\\/2017\\\/09\\\/11\\\/strategie-2014-2020\\\/\",\"url\":\"https:\\\/\\\/www.galpoianavladicai.ro\\\/index.php\\\/2017\\\/09\\\/11\\\/strategie-2014-2020\\\/\",\"name\":\"Strategie 2014-2020 - Poiana Vladicai\",\"isPartOf\":{\"@id\":\"https:\\\/\\\/www.galpoianavladicai.ro\\\/#website\"},\"datePublished\":\"2017-09-11T17:26:12+00:00\",\"dateModified\":\"2017-09-12T17:29:09+00:00\",\"breadcrumb\":{\"@id\":\"https:\\\/\\\/www.galpoianavladicai.ro\\\/index.php\\\/2017\\\/09\\\/11\\\/strategie-2014-2020\\\/#breadcrumb\"},\"inLanguage\":\"ro-RO\",\"potentialAction\":[{\"@type\":\"ReadAction\",\"target\":[\"https:\\\/\\\/www.galpoianavladicai.ro\\\/index.php\\\/2017\\\/09\\\/11\\\/strategie-2014-2020\\\/\"]}]},{\"@type\":\"BreadcrumbList\",\"@id\":\"https:\\\/\\\/www.galpoianavladicai.ro\\\/index.php\\\/2017\\\/09\\\/11\\\/strategie-2014-2020\\\/#breadcrumb\",\"itemListElement\":[{\"@type\":\"ListItem\",\"position\":1,\"name\":\"Home\",\"item\":\"https:\\\/\\\/www.galpoianavladicai.ro\\\/\"},{\"@type\":\"ListItem\",\"position\":2,\"name\":\"Strategie 2014-2020\"}]},{\"@type\":\"WebSite\",\"@id\":\"https:\\\/\\\/www.galpoianavladicai.ro\\\/#website\",\"url\":\"https:\\\/\\\/www.galpoianavladicai.ro\\\/\",\"name\":\"Poiana Vladicai\",\"description\":\"Grupul de Actiune Locala\",\"publisher\":{\"@id\":\"https:\\\/\\\/www.galpoianavladicai.ro\\\/#organization\"},\"potentialAction\":[{\"@type\":\"SearchAction\",\"target\":{\"@type\":\"EntryPoint\",\"urlTemplate\":\"https:\\\/\\\/www.galpoianavladicai.ro\\\/?s={search_term_string}\"},\"query-input\":{\"@type\":\"PropertyValueSpecification\",\"valueRequired\":true,\"valueName\":\"search_term_string\"}}],\"inLanguage\":\"ro-RO\"},{\"@type\":\"Organization\",\"@id\":\"https:\\\/\\\/www.galpoianavladicai.ro\\\/#organization\",\"name\":\"GAL Poiana Vladicai\",\"url\":\"https:\\\/\\\/www.galpoianavladicai.ro\\\/\",\"logo\":{\"@type\":\"ImageObject\",\"inLanguage\":\"ro-RO\",\"@id\":\"https:\\\/\\\/www.galpoianavladicai.ro\\\/#\\\/schema\\\/logo\\\/image\\\/\",\"url\":\"https:\\\/\\\/www.galpoianavladicai.ro\\\/wp-content\\\/uploads\\\/2017\\\/01\\\/logo.png\",\"contentUrl\":\"https:\\\/\\\/www.galpoianavladicai.ro\\\/wp-content\\\/uploads\\\/2017\\\/01\\\/logo.png\",\"width\":890,\"height\":714,\"caption\":\"GAL Poiana Vladicai\"},\"image\":{\"@id\":\"https:\\\/\\\/www.galpoianavladicai.ro\\\/#\\\/schema\\\/logo\\\/image\\\/\"},\"sameAs\":[\"https:\\\/\\\/www.facebook.com\\\/gal.poianavladicai?fref=ts\"]},{\"@type\":\"Person\",\"@id\":\"https:\\\/\\\/www.galpoianavladicai.ro\\\/#\\\/schema\\\/person\\\/1ea56b427dd432ef3f22038ecfe42abf\",\"name\":\"admin_gal\",\"image\":{\"@type\":\"ImageObject\",\"inLanguage\":\"ro-RO\",\"@id\":\"https:\\\/\\\/secure.gravatar.com\\\/avatar\\\/4d3a6f617b108603e343ded61110a62411b6491cf61632dc884f3e607a85ad8e?s=96&d=mm&r=g\",\"url\":\"https:\\\/\\\/secure.gravatar.com\\\/avatar\\\/4d3a6f617b108603e343ded61110a62411b6491cf61632dc884f3e607a85ad8e?s=96&d=mm&r=g\",\"contentUrl\":\"https:\\\/\\\/secure.gravatar.com\\\/avatar\\\/4d3a6f617b108603e343ded61110a62411b6491cf61632dc884f3e607a85ad8e?s=96&d=mm&r=g\",\"caption\":\"admin_gal\"},\"url\":\"https:\\\/\\\/www.galpoianavladicai.ro\\\/index.php\\\/author\\\/admin_gal\\\/\"}]}<\/script>\n<!-- \/ Yoast SEO plugin. -->","yoast_head_json":{"title":"Strategie 2014-2020 - Poiana Vladicai","robots":{"index":"index","follow":"follow","max-snippet":"max-snippet:-1","max-image-preview":"max-image-preview:large","max-video-preview":"max-video-preview:-1"},"canonical":"https:\/\/www.galpoianavladicai.ro\/index.php\/2017\/09\/11\/strategie-2014-2020\/","og_locale":"ro_RO","og_type":"article","og_title":"Strategie 2014-2020 - Poiana Vladicai","og_description":"Strategia de dezvoltare local\u0103 a Asocia\u021biei Grupul de Ac\u021biune\u00a0 POIANA VL\u0102DIC\u0102I\u00a0 vine \u00een completarea altor programe europene sau na\u021bionale, iar abordarea sa urm\u0103re\u0219te sa ofere comunit\u0103\u021bilor rurale o metoda de implicare a partenerilor locali \u00een orientarea dezvolt\u0103rii viitoare a zonei lor. Prin\u00a0 Strategia de dezvoltare local\u0103 POIANA VL\u0102DIC\u0102I se vor\u2026 Mai mult","og_url":"https:\/\/www.galpoianavladicai.ro\/index.php\/2017\/09\/11\/strategie-2014-2020\/","og_site_name":"Poiana Vladicai","article_publisher":"https:\/\/www.facebook.com\/gal.poianavladicai?fref=ts","article_published_time":"2017-09-11T17:26:12+00:00","article_modified_time":"2017-09-12T17:29:09+00:00","author":"admin_gal","twitter_card":"summary_large_image","twitter_misc":{"Scris de":"admin_gal","Timp estimat pentru citire":"7 minute"},"schema":{"@context":"https:\/\/schema.org","@graph":[{"@type":"Article","@id":"https:\/\/www.galpoianavladicai.ro\/index.php\/2017\/09\/11\/strategie-2014-2020\/#article","isPartOf":{"@id":"https:\/\/www.galpoianavladicai.ro\/index.php\/2017\/09\/11\/strategie-2014-2020\/"},"author":{"name":"admin_gal","@id":"https:\/\/www.galpoianavladicai.ro\/#\/schema\/person\/1ea56b427dd432ef3f22038ecfe42abf"},"headline":"Strategie 2014-2020","datePublished":"2017-09-11T17:26:12+00:00","dateModified":"2017-09-12T17:29:09+00:00","mainEntityOfPage":{"@id":"https:\/\/www.galpoianavladicai.ro\/index.php\/2017\/09\/11\/strategie-2014-2020\/"},"wordCount":1300,"publisher":{"@id":"https:\/\/www.galpoianavladicai.ro\/#organization"},"articleSection":["Strategie"],"inLanguage":"ro-RO"},{"@type":"WebPage","@id":"https:\/\/www.galpoianavladicai.ro\/index.php\/2017\/09\/11\/strategie-2014-2020\/","url":"https:\/\/www.galpoianavladicai.ro\/index.php\/2017\/09\/11\/strategie-2014-2020\/","name":"Strategie 2014-2020 - Poiana Vladicai","isPartOf":{"@id":"https:\/\/www.galpoianavladicai.ro\/#website"},"datePublished":"2017-09-11T17:26:12+00:00","dateModified":"2017-09-12T17:29:09+00:00","breadcrumb":{"@id":"https:\/\/www.galpoianavladicai.ro\/index.php\/2017\/09\/11\/strategie-2014-2020\/#breadcrumb"},"inLanguage":"ro-RO","potentialAction":[{"@type":"ReadAction","target":["https:\/\/www.galpoianavladicai.ro\/index.php\/2017\/09\/11\/strategie-2014-2020\/"]}]},{"@type":"BreadcrumbList","@id":"https:\/\/www.galpoianavladicai.ro\/index.php\/2017\/09\/11\/strategie-2014-2020\/#breadcrumb","itemListElement":[{"@type":"ListItem","position":1,"name":"Home","item":"https:\/\/www.galpoianavladicai.ro\/"},{"@type":"ListItem","position":2,"name":"Strategie 2014-2020"}]},{"@type":"WebSite","@id":"https:\/\/www.galpoianavladicai.ro\/#website","url":"https:\/\/www.galpoianavladicai.ro\/","name":"Poiana Vladicai","description":"Grupul de Actiune Locala","publisher":{"@id":"https:\/\/www.galpoianavladicai.ro\/#organization"},"potentialAction":[{"@type":"SearchAction","target":{"@type":"EntryPoint","urlTemplate":"https:\/\/www.galpoianavladicai.ro\/?s={search_term_string}"},"query-input":{"@type":"PropertyValueSpecification","valueRequired":true,"valueName":"search_term_string"}}],"inLanguage":"ro-RO"},{"@type":"Organization","@id":"https:\/\/www.galpoianavladicai.ro\/#organization","name":"GAL Poiana Vladicai","url":"https:\/\/www.galpoianavladicai.ro\/","logo":{"@type":"ImageObject","inLanguage":"ro-RO","@id":"https:\/\/www.galpoianavladicai.ro\/#\/schema\/logo\/image\/","url":"https:\/\/www.galpoianavladicai.ro\/wp-content\/uploads\/2017\/01\/logo.png","contentUrl":"https:\/\/www.galpoianavladicai.ro\/wp-content\/uploads\/2017\/01\/logo.png","width":890,"height":714,"caption":"GAL Poiana Vladicai"},"image":{"@id":"https:\/\/www.galpoianavladicai.ro\/#\/schema\/logo\/image\/"},"sameAs":["https:\/\/www.facebook.com\/gal.poianavladicai?fref=ts"]},{"@type":"Person","@id":"https:\/\/www.galpoianavladicai.ro\/#\/schema\/person\/1ea56b427dd432ef3f22038ecfe42abf","name":"admin_gal","image":{"@type":"ImageObject","inLanguage":"ro-RO","@id":"https:\/\/secure.gravatar.com\/avatar\/4d3a6f617b108603e343ded61110a62411b6491cf61632dc884f3e607a85ad8e?s=96&d=mm&r=g","url":"https:\/\/secure.gravatar.com\/avatar\/4d3a6f617b108603e343ded61110a62411b6491cf61632dc884f3e607a85ad8e?s=96&d=mm&r=g","contentUrl":"https:\/\/secure.gravatar.com\/avatar\/4d3a6f617b108603e343ded61110a62411b6491cf61632dc884f3e607a85ad8e?s=96&d=mm&r=g","caption":"admin_gal"},"url":"https:\/\/www.galpoianavladicai.ro\/index.php\/author\/admin_gal\/"}]}},"_links":{"self":[{"href":"https:\/\/www.galpoianavladicai.ro\/index.php\/wp-json\/wp\/v2\/posts\/89","targetHints":{"allow":["GET"]}}],"collection":[{"href":"https:\/\/www.galpoianavladicai.ro\/index.php\/wp-json\/wp\/v2\/posts"}],"about":[{"href":"https:\/\/www.galpoianavladicai.ro\/index.php\/wp-json\/wp\/v2\/types\/post"}],"author":[{"embeddable":true,"href":"https:\/\/www.galpoianavladicai.ro\/index.php\/wp-json\/wp\/v2\/users\/1"}],"replies":[{"embeddable":true,"href":"https:\/\/www.galpoianavladicai.ro\/index.php\/wp-json\/wp\/v2\/comments?post=89"}],"version-history":[{"count":5,"href":"https:\/\/www.galpoianavladicai.ro\/index.php\/wp-json\/wp\/v2\/posts\/89\/revisions"}],"predecessor-version":[{"id":241,"href":"https:\/\/www.galpoianavladicai.ro\/index.php\/wp-json\/wp\/v2\/posts\/89\/revisions\/241"}],"wp:attachment":[{"href":"https:\/\/www.galpoianavladicai.ro\/index.php\/wp-json\/wp\/v2\/media?parent=89"}],"wp:term":[{"taxonomy":"category","embeddable":true,"href":"https:\/\/www.galpoianavladicai.ro\/index.php\/wp-json\/wp\/v2\/categories?post=89"},{"taxonomy":"post_tag","embeddable":true,"href":"https:\/\/www.galpoianavladicai.ro\/index.php\/wp-json\/wp\/v2\/tags?post=89"}],"curies":[{"name":"wp","href":"https:\/\/api.w.org\/{rel}","templated":true}]}}